{"id":24846814,"date":"2023-12-21T16:52:53","date_gmt":"2023-12-21T16:52:53","guid":{"rendered":"https:\/\/labplus.uy\/ip-montevideo-firma-primer-acuerdo-como-socio-de-una-startup-biotecnologica\/"},"modified":"2024-03-26T14:42:14","modified_gmt":"2024-03-26T14:42:14","slug":"ip-montevideo-firma-primer-acuerdo-como-socio-de-una-startup-biotecnologica","status":"publish","type":"post","link":"https:\/\/labplus.uy\/es\/ip-montevideo-firma-primer-acuerdo-como-socio-de-una-startup-biotecnologica\/","title":{"rendered":"IP Montevideo firma primer acuerdo como socio de una start-up biotecnol\u00f3gica"},"content":{"rendered":"<p>[et_pb_section fb_built=\u00bb1&#8243; _builder_version=\u00bb4.16&#8243; global_colors_info=\u00bb{}\u00bb theme_builder_area=\u00bbpost_content\u00bb][et_pb_row _builder_version=\u00bb4.16&#8243; background_size=\u00bbinitial\u00bb background_position=\u00bbtop_left\u00bb background_repeat=\u00bbrepeat\u00bb global_colors_info=\u00bb{}\u00bb theme_builder_area=\u00bbpost_content\u00bb][et_pb_column type=\u00bb4_4&#8243; _builder_version=\u00bb4.16&#8243; custom_padding=\u00bb|||\u00bb global_colors_info=\u00bb{}\u00bb custom_padding__hover=\u00bb|||\u00bb theme_builder_area=\u00bbpost_content\u00bb][et_pb_text _builder_version=\u00bb4.24.2&#8243; background_size=\u00bbinitial\u00bb background_position=\u00bbtop_left\u00bb background_repeat=\u00bbrepeat\u00bb global_colors_info=\u00bb{}\u00bb theme_builder_area=\u00bbpost_content\u00bb]<\/p>\n<p><span style=\"color: #005481;\"><strong><span style=\"font-family: 'Titillium Web'; font-size: large;\">El Institut Pasteur de Montevideo se convirti\u00f3 por primera vez en socio de una start-up biotecnol\u00f3gica \u2014Xeptiva Therapeutics\u2014, un nuevo modelo de negocios que viene impulsando a trav\u00e9s de la iniciativa Lab+ que lleva adelante el instituto.\u00a0<\/span><\/strong><\/span><\/p>\n<p>El acuerdo \u2014que es un hito hist\u00f3rico para ambas partes\u2014 fue firmado el jueves 21 de diciembre entre representantes del instituto y de Xeptiva Therapeutics. Zentynel Frontier Investments, una compa\u00f1\u00eda especializada en el desarrollo de emprendimientos biotecnol\u00f3gicos en Latinoam\u00e9rica, facilit\u00f3 el proceso y tambi\u00e9n estuvo presente en el evento.<\/p>\n<p>Xeptiva es resultado de 10 a\u00f1os de estudios cient\u00edficos llevados adelante por los investigadores del instituto Luis Barbeito, Emiliano Tr\u00edas y Valentina Varela. Este trabajo consisti\u00f3 en el desarrollo de una inmunoterapia innovadora que es capaz de bloquear algunos factores que provocan el dolor cr\u00f3nico y la inflamaci\u00f3n para usarse como tratamiento para animales de compa\u00f1\u00eda.<\/p>\n<h3><span style=\"color: #003366;\">La importancia del acuerdo<\/span><\/h3>\n<p>Convencidos de que Uruguay debe apoyarse en la ciencia, la tecnolog\u00eda y la innovaci\u00f3n como motores de un desarrollo sostenible, este tipo de acuerdos supone una oportunidad para cerrar el c\u00edrculo virtuoso entre la generaci\u00f3n y la valorizaci\u00f3n de conocimiento cient\u00edfico, dijo Carlos Batthy\u00e1ny, director del instituto.<\/p>\n<p>\u201cEste acuerdo, si todo sale como esperamos, le permitir\u00e1 al instituto recuperar su inversi\u00f3n y tener ingresos significativos que se reinyectar\u00e1n en hacer m\u00e1s y mejor ciencia\u201d, agreg\u00f3 Batthy\u00e1ny.<\/p>\n<p>Para Xeptiva, seg\u00fan Josefina Correa, co-fundadora y CEO de la start-up, \u201ceste acuerdo constituye un enorme avance para la vida de la empresa\u201d. \u201cSi bien venimos trabajando junto al Institut codo a codo desde hace varios a\u00f1os, ahora que la empresa creci\u00f3 de manera significativa y logr\u00f3 atraer capital privado y generar propiedad intelectual novedosa, contar con apoyo de una prestigiosa instituci\u00f3n como el Pasteur es fundamental para construir los pilares del futuro crecimiento cient\u00edfico de la empresa. Adem\u00e1s, este acuerdo representa un hito importante para el sector biotecnol\u00f3gico del pa\u00eds que est\u00e1 en pleno desarrollo\u201d.<\/p>\n<p>En particular, estas terapias est\u00e1n centradas en enfermedades cuyo denominador com\u00fan es la inflamaci\u00f3n cr\u00f3nica. Entre estas enfermedades se encuentran, por ejemplo, la osteoartritis en perros y gatos \u2014que genera dolor cr\u00f3nico, deterioro motor progresivo e invalidante\u2014, y la dermatitis at\u00f3pica en perros. Esta \u00faltima es una inflamaci\u00f3n de la piel muy dif\u00edcil de tratar que genera picaz\u00f3n, lesiones cut\u00e1neas y una disminuci\u00f3n significativa de la calidad de vida de las mascotas.<\/p>\n<p>\u201cEste acuerdo nos genera un gran placer, no solo porque el instituto nos vio nacer como investigadores y emprendedores y nos apoy\u00f3 en todas las etapas del camino, sino porque seguiremos trabajando juntos con un mismo objetivo\u201d,\u00a0destac\u00f3 Emiliano Tr\u00edas, co-fundador y CSO de Xeptiva e investigador del instituto.<\/p>\n<p>Luis Barbeito, co-fundador de Xeptiva, es adem\u00e1s responsable del Laboratorio de Neurodegeneraci\u00f3n del instituto, que es el \u00e1mbito cient\u00edfico en el que, junto a Tr\u00edas y Varela, comenz\u00f3 la l\u00ednea de investigaci\u00f3n que hoy desarrolla la start-up.<\/p>\n<p>Este laboratorio, creado hace 17 a\u00f1os cuando se fund\u00f3 el instituto, dejar\u00e1 de funcionar como tal para transformarse en la start-up y seguir\u00e1 avanzando en investigaci\u00f3n original y disruptiva, ya no como acad\u00e9micos sino como cient\u00edficos bioemprendedores.<\/p>\n<p>\u201cMe complace pensar que Xeptiva seguir\u00e1 investigando dentro del instituto gracias a este acuerdo, y que a su vez el instituto se beneficiar\u00e1 econ\u00f3micamente en el futuro con su participaci\u00f3n en la empresa. Por tanto, es una situaci\u00f3n novedosa, prometedora y que permite la aplicaci\u00f3n y valorizaci\u00f3n de muchos conocimientos acumulados durante varias d\u00e9cadas de investigaci\u00f3n\u201d,\u00a0subray\u00f3 Barbeito.<\/p>\n<h3><span style=\"color: #003366;\">Pr\u00f3ximos pasos de Xeptiva<\/span><\/h3>\n<p>Xeptiva se encuentra levantando una ronda de inversi\u00f3n liderada por Zentynel Frontier Investments. Mediante esta ronda de inversi\u00f3n y el nuevo acuerdo generado con el instituto, durante 2024, Xeptiva culminar\u00e1 los ensayos cl\u00ednicos para dos de sus productos l\u00edderes, Xep01 y Xep02, destinados al tratamiento del dolor cr\u00f3nico y la dermatitis at\u00f3pica en perros, respectivamente.<\/p>\n<p>Estos desarrollos tambi\u00e9n involucrar\u00e1n a la Facultad de Veterinaria, con la cual la empresa ha realizado un exclusivo acuerdo para llevar adelante los ensayos cl\u00ednicos en mascotas en nuestro pa\u00eds. Adem\u00e1s, el apoyo de la ANII ha sido fundamental para el crecimiento de Xeptiva durante los \u00faltimos a\u00f1os, porque potenci\u00f3 las capacidades de la empresa y valid\u00f3 la apuesta de inversores privados en Xeptiva.<\/p>\n<p>La empresa buscar\u00e1 registrar sus productos en el mercado latinoamericano durante el 2025, para luego focalizarse en mercados norteamericanos y europeos.\u00a0<\/p>\n<h3><span style=\"color: #003366;\">Sobre Zentynel<\/span><\/h3>\n<p>Zentynel surge como una \u201cevoluci\u00f3n convergente\u201d entre la Fundaci\u00f3n Ciencia &amp; Vida y Venturance Investments, que \u2014desde distintas industrias\u2014 identificaron la necesidad de los emprendimientos biotecnol\u00f3gicos de contar con un inversionista especializado, adem\u00e1s de una oportunidad de aportar tanto capital como experiencia, con el fin de acelerar el desarrollo y crecimiento de este tipo de iniciativas en la regi\u00f3n.<\/p>\n<p>Zentynel Frontier Investments busca ser la convergencia de dos mundos: inversi\u00f3n e innovaci\u00f3n en Biotecnolog\u00eda.<\/p>\n<p>[\/et_pb_text][\/et_pb_column][\/et_pb_row][\/et_pb_section]<\/p>\n","protected":false},"excerpt":{"rendered":"<p>El Institut Pasteur de Montevideo se convirti\u00f3 por primera vez en socio de una start-up biotecnol\u00f3gica \u2014Xeptiva Therapeutics\u2014, un nuevo modelo de negocios que viene impulsando a trav\u00e9s de la iniciativa Lab+ que lleva adelante el instituto.\u00a0 El acuerdo \u2014que es un hito hist\u00f3rico para ambas partes\u2014 fue firmado el jueves 21 de diciembre entre [&hellip;]<\/p>\n","protected":false},"author":4,"featured_media":24846638,"comment_status":"closed","ping_status":"open","sticky":false,"template":"","format":"standard","meta":{"_acf_changed":false,"_et_pb_use_builder":"on","_et_pb_old_content":"","_et_gb_content_width":"","_monsterinsights_skip_tracking":false,"_monsterinsights_sitenote_active":false,"_monsterinsights_sitenote_note":"","_monsterinsights_sitenote_category":0,"footnotes":""},"categories":[36],"tags":[],"class_list":["post-24846814","post","type-post","status-publish","format-standard","has-post-thumbnail","hentry","category-noticias"],"acf":[],"_links":{"self":[{"href":"https:\/\/labplus.uy\/es\/wp-json\/wp\/v2\/posts\/24846814","targetHints":{"allow":["GET"]}}],"collection":[{"href":"https:\/\/labplus.uy\/es\/wp-json\/wp\/v2\/posts"}],"about":[{"href":"https:\/\/labplus.uy\/es\/wp-json\/wp\/v2\/types\/post"}],"author":[{"embeddable":true,"href":"https:\/\/labplus.uy\/es\/wp-json\/wp\/v2\/users\/4"}],"replies":[{"embeddable":true,"href":"https:\/\/labplus.uy\/es\/wp-json\/wp\/v2\/comments?post=24846814"}],"version-history":[{"count":5,"href":"https:\/\/labplus.uy\/es\/wp-json\/wp\/v2\/posts\/24846814\/revisions"}],"predecessor-version":[{"id":24846990,"href":"https:\/\/labplus.uy\/es\/wp-json\/wp\/v2\/posts\/24846814\/revisions\/24846990"}],"wp:featuredmedia":[{"embeddable":true,"href":"https:\/\/labplus.uy\/es\/wp-json\/wp\/v2\/media\/24846638"}],"wp:attachment":[{"href":"https:\/\/labplus.uy\/es\/wp-json\/wp\/v2\/media?parent=24846814"}],"wp:term":[{"taxonomy":"category","embeddable":true,"href":"https:\/\/labplus.uy\/es\/wp-json\/wp\/v2\/categories?post=24846814"},{"taxonomy":"post_tag","embeddable":true,"href":"https:\/\/labplus.uy\/es\/wp-json\/wp\/v2\/tags?post=24846814"}],"curies":[{"name":"wp","href":"https:\/\/api.w.org\/{rel}","templated":true}]}}