{"id":24846927,"date":"2023-10-18T20:08:28","date_gmt":"2023-10-18T20:08:28","guid":{"rendered":"https:\/\/labplus.uy\/innovacion-en-ciencias-de-la-vida-fue-el-tema-de-la-segunda-edicion-del-uruguay-innovation-forum\/"},"modified":"2024-03-26T14:47:09","modified_gmt":"2024-03-26T14:47:09","slug":"innovacion-en-ciencias-de-la-vida-fue-el-tema-de-la-segunda-edicion-del-uruguay-innovation-forum","status":"publish","type":"post","link":"https:\/\/labplus.uy\/es\/innovacion-en-ciencias-de-la-vida-fue-el-tema-de-la-segunda-edicion-del-uruguay-innovation-forum\/","title":{"rendered":"Innovaci\u00f3n en ciencias de la vida fue el tema de la segunda edici\u00f3n del Uruguay Innovation Forum"},"content":{"rendered":"<p>[et_pb_section fb_built=\u00bb1&#8243; _builder_version=\u00bb4.16&#8243; global_colors_info=\u00bb{}\u00bb theme_builder_area=\u00bbpost_content\u00bb][et_pb_row _builder_version=\u00bb4.16&#8243; background_size=\u00bbinitial\u00bb background_position=\u00bbtop_left\u00bb background_repeat=\u00bbrepeat\u00bb global_colors_info=\u00bb{}\u00bb theme_builder_area=\u00bbpost_content\u00bb][et_pb_column type=\u00bb4_4&#8243; _builder_version=\u00bb4.16&#8243; custom_padding=\u00bb|||\u00bb global_colors_info=\u00bb{}\u00bb custom_padding__hover=\u00bb|||\u00bb theme_builder_area=\u00bbpost_content\u00bb][et_pb_text _builder_version=\u00bb4.16&#8243; background_size=\u00bbinitial\u00bb background_position=\u00bbtop_left\u00bb background_repeat=\u00bbrepeat\u00bb global_colors_info=\u00bb{}\u00bb theme_builder_area=\u00bbpost_content\u00bb]<\/p>\n<p><span style=\"color: #005481;\"><strong><span style=\"font-family: 'Titillium Web'; font-size: large;\">El Institut Pasteur de Montevideo fue anfitri\u00f3n este mi\u00e9rcoles de la segunda edici\u00f3n del Uruguay Innovation Forum, una iniciativa nacional que nuclea a varias instituciones que buscan difundir actividades de innovaci\u00f3n.<\/span><\/strong><\/span><\/p>\n<p>Esta segunda edici\u00f3n se titul\u00f3 \u00abInnovaci\u00f3n disruptiva en ciencias de la vida\u00bb y ofreci\u00f3 diferentes charlas que presentaron la situaci\u00f3n de la ciencia uruguaya como motor de start-ups basadas en la generaci\u00f3n de conocimiento cient\u00edfico local. El evento cont\u00f3 con la presencia de m\u00e1s de cien personas, entre investigadores\/as, empresarios, representantes de instituciones y organismos vinculados a la innovaci\u00f3n.<\/p>\n<p>El foro es resultado de un esfuerzo conjunto entre el IP Montevideo a trav\u00e9s del Venture Fund LAB+, el Ministerio de Industria, Energ\u00eda y Miner\u00eda, Uruguay XXI, Uruguay Innovation Hub, la Agencia Nacional de Investigaci\u00f3n e Innovaci\u00f3n (ANII), el Laboratorio Tecnol\u00f3gico del Uruguay (LATU) y Newlab.<\/p>\n<p>El director ejecutivo del IP Montevideo, Carlos Batthy\u00e1ny, inici\u00f3 la actividad, que continu\u00f3 con las presentaciones del CEO de Surfing Tsunamis, el argentino Ignacio Pe\u00f1a; la especialista senior del Banco Interamericano de Desarrollo, Ana Castillo; la CEO de Eolo Pharma, Mar\u00eda P\u00eda Garat; la CEO de metaBIX Biotech, Laura Macci\u00f3; y los investigadores del IP Montevideo Mat\u00edas Machado y Juan Pablo Tosar (tambi\u00e9n investigador de la Universidad de la Rep\u00fablica).<\/p>\n<p>Durante su intervenci\u00f3n, Batthy\u00e1ny habl\u00f3 sobre el LAB+, la iniciativa del instituto para impulsar y financiar proyectos cient\u00edficos para que se conviertan en empresas que presenten un beneficio para la sociedad. El LAB+ busca impulsar el conocimiento cient\u00edfico original y disruptivo desarrollado por cient\u00edficos y cient\u00edficas uruguayas y \u201cfavorecer a que j\u00f3venes investigadores\/as puedan hacer ciencia y crear sus empresas cient\u00edficas\u201d, subray\u00f3 Batthy\u00e1ny. En ese sentido, destac\u00f3 que la creaci\u00f3n de start-ups \u201clleva a los investigadores\/as a una zona desconocida (empresarial)\u201d pero que \u201ces un desaf\u00edo necesario para el desarrollo\u201d.<\/p>\n<p>Por su parte, Pe\u00f1a \u2014economista, especialista en innovaci\u00f3n y asesor en emprendedurismo\u2014 present\u00f3 datos del informe que lider\u00f3, titulado \u201cDeep Tech: la nueva ola\u201d, que analiz\u00f3 la situaci\u00f3n de las start-ups basadas en un descubrimiento cient\u00edfico o en una innovaci\u00f3n de ingenier\u00eda significativa en la regi\u00f3n. Su estudio se enfoc\u00f3 en 340 start-ups presentes en 14 pa\u00edses de Am\u00e9rica Latina y el Caribe que tienen un valor total de 8.000 millones de d\u00f3lares.<\/p>\n<p>\u201cA nivel mundial vivimos en un contexto con problemas demogr\u00e1ficos y ambientales que ponen en riesgo la calidad de vida\u201d, se\u00f1al\u00f3. \u201cNecesitamos una matriz productiva diferente y parte de la respuesta solo puede venir de un cambio tecnol\u00f3gico profundo\u201d, asegur\u00f3.<\/p>\n<p>En tanto, Castillo habl\u00f3 sobre el BID LAB, desde donde se impulsa \u201cla innovaci\u00f3n de emprendedores en etapas tempranas, para beneficiar a poblaciones vulnerables y (enfrentar) los desaf\u00edos clim\u00e1ticos\u201d.<\/p>\n<p>Garat, a su turno, expuso sobre la start-up Eolo Pharma, que se dedica al desarrollo de compuestos para tratar la obesidad y sus complicaciones metab\u00f3licas como la diabetes tipo 2. El f\u00e1rmaco l\u00edder de Eolo es el compuesto MVD1, \u201cque se diferencia de los que hay en el mercado porque no act\u00faa sobre el sistema nervioso central, sino que lo hace directamente en el tejido adiposo\u201d. El caso de Eolo se destaca porque es la \u00fanica start-up uruguaya que logr\u00f3 transitar el camino de un conocimiento surgido en el laboratorio y llevarlo hasta la fase 1 de ensayos en humanos, un logro que solo suelen alcanzar desarrollos de pa\u00edses del primer mundo.<\/p>\n<p>En el foro tambi\u00e9n hablaron dos investigadores del IP Montevideo cuyos proyectos fueron elegidos para ser impulsados y financiados en el primer llamado realizado por el LAB+ a principios de este a\u00f1o. Juan Pablo Tosar, investigador del IP y de la Udelar, present\u00f3 su iniciativa llamada B4-RNA, que busca la detecci\u00f3n temprana del c\u00e1ncer usando ARN que circula en la sangre, lo que podr\u00eda hacerse con una simple prueba sangu\u00ednea.<\/p>\n<p>En tanto, Mat\u00edas Machado, que impulsa el proyecto Scaffold Biotech junto a Agust\u00edn Correa, habl\u00f3 sobre su iniciativa que consiste en la creaci\u00f3n de vacunas usando inteligencia artificial e ingenier\u00eda de prote\u00ednas para atacar diferentes enfermedades que afectan al ganado. En particular mencion\u00f3 una vacuna contra la garrapata, que es un problema que afecta al agro y que causa m\u00e1s de 50 millones de d\u00f3lares de p\u00e9rdidas anuales solo en Uruguay.<\/p>\n<p>Para finalizar, Laura Macci\u00f3 habl\u00f3 sobre MetaBix, una start-up que desarrolla tecnolog\u00eda predictiva de enfermedades causadas por virus y bacterias a partir de muestras ambientales.<\/p>\n<p>[\/et_pb_text][\/et_pb_column][\/et_pb_row][\/et_pb_section]<\/p>\n","protected":false},"excerpt":{"rendered":"<p>El Institut Pasteur de Montevideo fue anfitri\u00f3n este mi\u00e9rcoles de la segunda edici\u00f3n del Uruguay Innovation Forum, una iniciativa nacional que nuclea a varias instituciones que buscan difundir actividades de innovaci\u00f3n. Esta segunda edici\u00f3n se titul\u00f3 \u00abInnovaci\u00f3n disruptiva en ciencias de la vida\u00bb y ofreci\u00f3 diferentes charlas que presentaron la situaci\u00f3n de la ciencia uruguaya [&hellip;]<\/p>\n","protected":false},"author":4,"featured_media":1987,"comment_status":"closed","ping_status":"open","sticky":false,"template":"","format":"standard","meta":{"_acf_changed":false,"_et_pb_use_builder":"on","_et_pb_old_content":"","_et_gb_content_width":"","_monsterinsights_skip_tracking":false,"_monsterinsights_sitenote_active":false,"_monsterinsights_sitenote_note":"","_monsterinsights_sitenote_category":0,"footnotes":""},"categories":[36],"tags":[],"class_list":["post-24846927","post","type-post","status-publish","format-standard","has-post-thumbnail","hentry","category-noticias"],"acf":[],"_links":{"self":[{"href":"https:\/\/labplus.uy\/es\/wp-json\/wp\/v2\/posts\/24846927","targetHints":{"allow":["GET"]}}],"collection":[{"href":"https:\/\/labplus.uy\/es\/wp-json\/wp\/v2\/posts"}],"about":[{"href":"https:\/\/labplus.uy\/es\/wp-json\/wp\/v2\/types\/post"}],"author":[{"embeddable":true,"href":"https:\/\/labplus.uy\/es\/wp-json\/wp\/v2\/users\/4"}],"replies":[{"embeddable":true,"href":"https:\/\/labplus.uy\/es\/wp-json\/wp\/v2\/comments?post=24846927"}],"version-history":[{"count":5,"href":"https:\/\/labplus.uy\/es\/wp-json\/wp\/v2\/posts\/24846927\/revisions"}],"predecessor-version":[{"id":24846995,"href":"https:\/\/labplus.uy\/es\/wp-json\/wp\/v2\/posts\/24846927\/revisions\/24846995"}],"wp:featuredmedia":[{"embeddable":true,"href":"https:\/\/labplus.uy\/es\/wp-json\/wp\/v2\/media\/1987"}],"wp:attachment":[{"href":"https:\/\/labplus.uy\/es\/wp-json\/wp\/v2\/media?parent=24846927"}],"wp:term":[{"taxonomy":"category","embeddable":true,"href":"https:\/\/labplus.uy\/es\/wp-json\/wp\/v2\/categories?post=24846927"},{"taxonomy":"post_tag","embeddable":true,"href":"https:\/\/labplus.uy\/es\/wp-json\/wp\/v2\/tags?post=24846927"}],"curies":[{"name":"wp","href":"https:\/\/api.w.org\/{rel}","templated":true}]}}