{"id":24849022,"date":"2025-09-23T16:56:02","date_gmt":"2025-09-23T19:56:02","guid":{"rendered":"https:\/\/labplus.uy\/visita-de-la-embajada-de-paises-bajos\/"},"modified":"2025-09-23T16:56:11","modified_gmt":"2025-09-23T19:56:11","slug":"visita-de-la-embajada-de-paises-bajos","status":"publish","type":"post","link":"https:\/\/labplus.uy\/es\/visita-de-la-embajada-de-paises-bajos\/","title":{"rendered":"Visita de la Embajada de Pa\u00edses Bajos"},"content":{"rendered":"<p>[et_pb_section fb_built=\u00bb1&#8243; _builder_version=\u00bb4.27.0&#8243; custom_margin=\u00bb-39px||||false|false\u00bb custom_margin_tablet=\u00bb-39px||||false|false\u00bb custom_margin_phone=\u00bb-40px||||false|false\u00bb custom_margin_last_edited=\u00bbon|phone\u00bb custom_padding=\u00bb0px||0px||false|false\u00bb global_colors_info=\u00bb{}\u00bb][et_pb_row _builder_version=\u00bb4.16&#8243; background_size=\u00bbinitial\u00bb background_position=\u00bbtop_left\u00bb background_repeat=\u00bbrepeat\u00bb width=\u00bb84.5%\u00bb global_colors_info=\u00bb{}\u00bb][et_pb_column type=\u00bb4_4&#8243; _builder_version=\u00bb4.16&#8243; custom_padding=\u00bb|||\u00bb global_colors_info=\u00bb{}\u00bb custom_padding__hover=\u00bb|||\u00bb][et_pb_text _builder_version=\u00bb4.27.4&#8243; background_size=\u00bbinitial\u00bb background_position=\u00bbtop_left\u00bb background_repeat=\u00bbrepeat\u00bb custom_margin=\u00bb17px||||false|false\u00bb global_colors_info=\u00bb{}\u00bb]<\/p>\n<p style=\"text-align: justify;\"><span style=\"color: #005481;\"><strong><span style=\"font-family: 'Titillium Web'; font-size: large;\">El 4 de setiembre Vanessa Mock y Nadji Eliska Bilik visitaron el Institut Pasteur de Montevideo en representaci\u00f3n de la Embajda de Pa\u00edses Bajos en Buenos Aires.<\/span><\/strong><\/span><\/p>\n<p><\/p>\n<p>Durante la visita recorrieron el instituto y se reunieron con Carlos Batthy\u00e1ny, director del instituto y General Partner de LAB+, y Paul Elberse, CEO de FICUS Advisory y GP de LAB+.<\/p>\n<p><\/p>\n<p>El objetivo fue conocer c\u00f3mo funciona el modelo de la company builder.<\/p>\n<p>[\/et_pb_text][et_pb_image src=\u00bbhttps:\/\/labplus.uy\/wp-content\/uploads\/2025\/09\/WhatsApp-Image-2025-09-04-at-10.22.20.jpeg\u00bb title_text=\u00bbEmbajada de Pa\u00edses Bajos\u00bb _builder_version=\u00bb4.27.4&#8243; _module_preset=\u00bbdefault\u00bb global_colors_info=\u00bb{}\u00bb][\/et_pb_image][\/et_pb_column][\/et_pb_row][\/et_pb_section]<\/p>\n","protected":false},"excerpt":{"rendered":"<p>El 4 de setiembre Vanessa Mock y Nadji Eliska Bilik visitaron el Institut Pasteur de Montevideo en representaci\u00f3n de la Embajda de Pa\u00edses Bajos en Buenos Aires.Durante la visita recorrieron el instituto y se reunieron con Carlos Batthy\u00e1ny, director del instituto y General Partner de LAB+, y Paul Elberse, CEO de FICUS Advisory y GP [&hellip;]<\/p>\n","protected":false},"author":4,"featured_media":24849016,"comment_status":"closed","ping_status":"open","sticky":false,"template":"","format":"standard","meta":{"_acf_changed":false,"_et_pb_use_builder":"on","_et_pb_old_content":"","_et_gb_content_width":"","_monsterinsights_skip_tracking":false,"_monsterinsights_sitenote_active":false,"_monsterinsights_sitenote_note":"","_monsterinsights_sitenote_category":0,"footnotes":""},"categories":[36],"tags":[],"class_list":["post-24849022","post","type-post","status-publish","format-standard","has-post-thumbnail","hentry","category-noticias"],"acf":[],"_links":{"self":[{"href":"https:\/\/labplus.uy\/es\/wp-json\/wp\/v2\/posts\/24849022","targetHints":{"allow":["GET"]}}],"collection":[{"href":"https:\/\/labplus.uy\/es\/wp-json\/wp\/v2\/posts"}],"about":[{"href":"https:\/\/labplus.uy\/es\/wp-json\/wp\/v2\/types\/post"}],"author":[{"embeddable":true,"href":"https:\/\/labplus.uy\/es\/wp-json\/wp\/v2\/users\/4"}],"replies":[{"embeddable":true,"href":"https:\/\/labplus.uy\/es\/wp-json\/wp\/v2\/comments?post=24849022"}],"version-history":[{"count":2,"href":"https:\/\/labplus.uy\/es\/wp-json\/wp\/v2\/posts\/24849022\/revisions"}],"predecessor-version":[{"id":24849024,"href":"https:\/\/labplus.uy\/es\/wp-json\/wp\/v2\/posts\/24849022\/revisions\/24849024"}],"wp:featuredmedia":[{"embeddable":true,"href":"https:\/\/labplus.uy\/es\/wp-json\/wp\/v2\/media\/24849016"}],"wp:attachment":[{"href":"https:\/\/labplus.uy\/es\/wp-json\/wp\/v2\/media?parent=24849022"}],"wp:term":[{"taxonomy":"category","embeddable":true,"href":"https:\/\/labplus.uy\/es\/wp-json\/wp\/v2\/categories?post=24849022"},{"taxonomy":"post_tag","embeddable":true,"href":"https:\/\/labplus.uy\/es\/wp-json\/wp\/v2\/tags?post=24849022"}],"curies":[{"name":"wp","href":"https:\/\/api.w.org\/{rel}","templated":true}]}}