{"id":24849186,"date":"2025-10-28T14:16:10","date_gmt":"2025-10-28T17:16:10","guid":{"rendered":"https:\/\/labplus.uy\/lab-presente-en-el-biotech-forum-2025\/"},"modified":"2025-10-28T14:16:20","modified_gmt":"2025-10-28T17:16:20","slug":"lab-presente-en-el-biotech-forum-2025","status":"publish","type":"post","link":"https:\/\/labplus.uy\/es\/lab-presente-en-el-biotech-forum-2025\/","title":{"rendered":"LAB+ presente en el Biotech Forum 2025"},"content":{"rendered":"<p>[et_pb_section fb_built=\u00bb1&#8243; _builder_version=\u00bb4.27.0&#8243; custom_margin=\u00bb-39px||||false|false\u00bb custom_margin_tablet=\u00bb-39px||||false|false\u00bb custom_margin_phone=\u00bb-40px||||false|false\u00bb custom_margin_last_edited=\u00bbon|phone\u00bb custom_padding=\u00bb0px||0px||false|false\u00bb global_colors_info=\u00bb{}\u00bb theme_builder_area=\u00bbet_body_layout\u00bb][et_pb_row _builder_version=\u00bb4.16&#8243; background_size=\u00bbinitial\u00bb background_position=\u00bbtop_left\u00bb background_repeat=\u00bbrepeat\u00bb width=\u00bb84.5%\u00bb global_colors_info=\u00bb{}\u00bb theme_builder_area=\u00bbet_body_layout\u00bb][et_pb_column type=\u00bb4_4&#8243; _builder_version=\u00bb4.16&#8243; custom_padding=\u00bb|||\u00bb global_colors_info=\u00bb{}\u00bb custom_padding__hover=\u00bb|||\u00bb theme_builder_area=\u00bbet_body_layout\u00bb][et_pb_text _builder_version=\u00bb4.27.4&#8243; background_size=\u00bbinitial\u00bb background_position=\u00bbtop_left\u00bb background_repeat=\u00bbrepeat\u00bb custom_margin=\u00bb17px||||false|false\u00bb hover_enabled=\u00bb0&#8243; global_colors_info=\u00bb{}\u00bb theme_builder_area=\u00bbet_body_layout\u00bb sticky_enabled=\u00bb0&#8243;]<\/p>\n<p style=\"text-align: justify;\"><span style=\"color: #005481;\"><strong><span style=\"font-family: 'Titillium Web'; font-size: large;\">LAB+ Company Builder y el Institut Pasteur de Montevideo dijeron presente en el Foro Biotech 2025, organizado por la Universidad ORT Uruguay en el Laboratorio Tecnol\u00f3gico del Uruguay (LATU).<\/span><\/strong><\/span><\/p>\n<p><\/p>\n<p>El foro, que este a\u00f1o tuvo su segunda edici\u00f3n, re\u00fane a referentes del \u00e1rea de la biotecnolog\u00eda, as\u00ed como a estudiantes e interesados en el \u00e1rea<\/p>\n<p><\/p>\n<p>Diego Melazzi, director ejecutivo de <a href=\"https:\/\/www.ficusadvisory.com\/\">FICUS Advisory<\/a>, particip\u00f3 en la mesa redonda \u00abInversiones en Biotech\u00bb, para hablar de LAB+.<\/p>\n<p><\/p>\n<p>Claudia Vanesa Piattoni, gerenta de Innovaci\u00f3n del instituto y de LAB+, expuso sobre el trabajo del IP y su relaci\u00f3n con la biotecnolog\u00eda.<\/p>\n<p>[\/et_pb_text][et_pb_image src=\u00bbhttps:\/\/labplus.uy\/wp-content\/uploads\/2025\/10\/biotech-forum-vanesa.jpg\u00bb title_text=\u00bbbiotech forum vanesa\u00bb _builder_version=\u00bb4.27.4&#8243; _module_preset=\u00bbdefault\u00bb hover_enabled=\u00bb0&#8243; global_colors_info=\u00bb{}\u00bb theme_builder_area=\u00bbet_body_layout\u00bb sticky_enabled=\u00bb0&#8243;][\/et_pb_image][et_pb_text _builder_version=\u00bb4.27.4&#8243; background_size=\u00bbinitial\u00bb background_position=\u00bbtop_left\u00bb background_repeat=\u00bbrepeat\u00bb custom_margin=\u00bb17px||||false|false\u00bb hover_enabled=\u00bb0&#8243; global_colors_info=\u00bb{}\u00bb theme_builder_area=\u00bbet_body_layout\u00bb sticky_enabled=\u00bb0&#8243;]<\/p>\n<p>En tanto, Mat\u00edas Machado, cofundador de <a href=\"https:\/\/scaffoldbiotech.com\/es\/inicio\/\">Scaffold Biotech<\/a>, habl\u00f3 sobre la vacuna contra la garrapata que desarrolla la startup.<\/p>\n<p>[\/et_pb_text][et_pb_image src=\u00bbhttps:\/\/labplus.uy\/wp-content\/uploads\/2025\/10\/biotech-forum-matias.jpg\u00bb _builder_version=\u00bb4.27.4&#8243; _module_preset=\u00bbdefault\u00bb theme_builder_area=\u00bbet_body_layout\u00bb title_text=\u00bbbiotech forum matias\u00bb hover_enabled=\u00bb0&#8243; sticky_enabled=\u00bb0&#8243;][\/et_pb_image][et_pb_text _builder_version=\u00bb4.27.4&#8243; background_size=\u00bbinitial\u00bb background_position=\u00bbtop_left\u00bb background_repeat=\u00bbrepeat\u00bb custom_margin=\u00bb17px||||false|false\u00bb hover_enabled=\u00bb0&#8243; global_colors_info=\u00bb{}\u00bb theme_builder_area=\u00bbet_body_layout\u00bb sticky_enabled=\u00bb0&#8243;]<\/p>\n<p>Emiliano Tr\u00edas, CSO de <a href=\"https:\/\/www.xeptiva.com\/?locale=es\">Xeptiva Therapeutics<\/a>, expuso el camino recorrido de la startup, que naci\u00f3 a partir de conocimiento generado en el IP Montevideo y Udelar.<\/p>\n<p>[\/et_pb_text][et_pb_image src=\u00bbhttps:\/\/labplus.uy\/wp-content\/uploads\/2025\/10\/biotech-forum-emiliano.jpg\u00bb _builder_version=\u00bb4.27.4&#8243; _module_preset=\u00bbdefault\u00bb theme_builder_area=\u00bbet_body_layout\u00bb title_text=\u00bbbiotech forum emiliano\u00bb hover_enabled=\u00bb0&#8243; sticky_enabled=\u00bb0&#8243;][\/et_pb_image][et_pb_text _builder_version=\u00bb4.27.4&#8243; background_size=\u00bbinitial\u00bb background_position=\u00bbtop_left\u00bb background_repeat=\u00bbrepeat\u00bb custom_margin=\u00bb17px||||false|false\u00bb hover_enabled=\u00bb0&#8243; global_colors_info=\u00bb{}\u00bb theme_builder_area=\u00bbet_body_layout\u00bb sticky_enabled=\u00bb0&#8243;]<\/p>\n<p>Por \u00faltimo, Mar\u00eda P\u00eda Garat, CEO de <a href=\"https:\/\/eolo-pharma.com\/\">Eolo Pharma<\/a>, dio una charla sobre la startup, que desarrolla un f\u00e1rmaco contra la obesidad y diabetes tipo 2.<\/p>\n<p>[\/et_pb_text][et_pb_image src=\u00bbhttps:\/\/labplus.uy\/wp-content\/uploads\/2025\/10\/biotech-forum-pia.jpg\u00bb _builder_version=\u00bb4.27.4&#8243; _module_preset=\u00bbdefault\u00bb theme_builder_area=\u00bbet_body_layout\u00bb title_text=\u00bbbiotech forum pia\u00bb hover_enabled=\u00bb0&#8243; sticky_enabled=\u00bb0&#8243;][\/et_pb_image][et_pb_text _builder_version=\u00bb4.27.4&#8243; background_size=\u00bbinitial\u00bb background_position=\u00bbtop_left\u00bb background_repeat=\u00bbrepeat\u00bb custom_margin=\u00bb17px||||false|false\u00bb hover_enabled=\u00bb0&#8243; global_colors_info=\u00bb{}\u00bb theme_builder_area=\u00bbet_body_layout\u00bb sticky_enabled=\u00bb0&#8243;]<\/p>\n<p>Adem\u00e1s, Locbio particip\u00f3 con una mesa informativa de bienvenida.<\/p>\n<p>[\/et_pb_text][et_pb_image src=\u00bbhttps:\/\/labplus.uy\/wp-content\/uploads\/2025\/10\/biotech-forum-locbio.jpg\u00bb _builder_version=\u00bb4.27.4&#8243; _module_preset=\u00bbdefault\u00bb theme_builder_area=\u00bbet_body_layout\u00bb title_text=\u00bbbiotech forum locbio\u00bb hover_enabled=\u00bb0&#8243; sticky_enabled=\u00bb0&#8243;][\/et_pb_image][\/et_pb_column][\/et_pb_row][\/et_pb_section]<\/p>\n","protected":false},"excerpt":{"rendered":"<p>LAB+ Company Builder y el Institut Pasteur de Montevideo dijeron presente en el Foro Biotech 2025, organizado por la Universidad ORT Uruguay en el Laboratorio Tecnol\u00f3gico del Uruguay (LATU).El foro, que este a\u00f1o tuvo su segunda edici\u00f3n, re\u00fane a referentes del \u00e1rea de la biotecnolog\u00eda, as\u00ed como a estudiantes e interesados en el \u00e1reaDiego Melazzi, [&hellip;]<\/p>\n","protected":false},"author":4,"featured_media":24849179,"comment_status":"closed","ping_status":"open","sticky":false,"template":"","format":"standard","meta":{"_acf_changed":false,"_et_pb_use_builder":"on","_et_pb_old_content":"","_et_gb_content_width":"","_monsterinsights_skip_tracking":false,"_monsterinsights_sitenote_active":false,"_monsterinsights_sitenote_note":"","_monsterinsights_sitenote_category":0,"footnotes":""},"categories":[36],"tags":[],"class_list":["post-24849186","post","type-post","status-publish","format-standard","has-post-thumbnail","hentry","category-noticias"],"acf":[],"_links":{"self":[{"href":"https:\/\/labplus.uy\/es\/wp-json\/wp\/v2\/posts\/24849186","targetHints":{"allow":["GET"]}}],"collection":[{"href":"https:\/\/labplus.uy\/es\/wp-json\/wp\/v2\/posts"}],"about":[{"href":"https:\/\/labplus.uy\/es\/wp-json\/wp\/v2\/types\/post"}],"author":[{"embeddable":true,"href":"https:\/\/labplus.uy\/es\/wp-json\/wp\/v2\/users\/4"}],"replies":[{"embeddable":true,"href":"https:\/\/labplus.uy\/es\/wp-json\/wp\/v2\/comments?post=24849186"}],"version-history":[{"count":2,"href":"https:\/\/labplus.uy\/es\/wp-json\/wp\/v2\/posts\/24849186\/revisions"}],"predecessor-version":[{"id":24849188,"href":"https:\/\/labplus.uy\/es\/wp-json\/wp\/v2\/posts\/24849186\/revisions\/24849188"}],"wp:featuredmedia":[{"embeddable":true,"href":"https:\/\/labplus.uy\/es\/wp-json\/wp\/v2\/media\/24849179"}],"wp:attachment":[{"href":"https:\/\/labplus.uy\/es\/wp-json\/wp\/v2\/media?parent=24849186"}],"wp:term":[{"taxonomy":"category","embeddable":true,"href":"https:\/\/labplus.uy\/es\/wp-json\/wp\/v2\/categories?post=24849186"},{"taxonomy":"post_tag","embeddable":true,"href":"https:\/\/labplus.uy\/es\/wp-json\/wp\/v2\/tags?post=24849186"}],"curies":[{"name":"wp","href":"https:\/\/api.w.org\/{rel}","templated":true}]}}