{"id":24849200,"date":"2025-10-28T14:58:27","date_gmt":"2025-10-28T17:58:27","guid":{"rendered":"https:\/\/labplus.uy\/pilar-moreno-gano-el-premio-ada-byron-a-la-mujer-tecnologa-en-uruguay\/"},"modified":"2025-10-28T14:58:37","modified_gmt":"2025-10-28T17:58:37","slug":"pilar-moreno-gano-el-premio-ada-byron-a-la-mujer-tecnologa-en-uruguay","status":"publish","type":"post","link":"https:\/\/labplus.uy\/es\/pilar-moreno-gano-el-premio-ada-byron-a-la-mujer-tecnologa-en-uruguay\/","title":{"rendered":"Pilar Moreno gan\u00f3 el Premio Ada Byron a la Mujer Tecn\u00f3loga en Uruguay"},"content":{"rendered":"<p>[et_pb_section fb_built=\u00bb1&#8243; _builder_version=\u00bb4.27.0&#8243; custom_margin=\u00bb-39px||||false|false\u00bb custom_margin_tablet=\u00bb-39px||||false|false\u00bb custom_margin_phone=\u00bb-40px||||false|false\u00bb custom_margin_last_edited=\u00bbon|phone\u00bb custom_padding=\u00bb0px||0px||false|false\u00bb global_colors_info=\u00bb{}\u00bb theme_builder_area=\u00bbet_body_layout\u00bb][et_pb_row _builder_version=\u00bb4.16&#8243; background_size=\u00bbinitial\u00bb background_position=\u00bbtop_left\u00bb background_repeat=\u00bbrepeat\u00bb width=\u00bb84.5%\u00bb global_colors_info=\u00bb{}\u00bb theme_builder_area=\u00bbet_body_layout\u00bb][et_pb_column type=\u00bb4_4&#8243; _builder_version=\u00bb4.16&#8243; custom_padding=\u00bb|||\u00bb global_colors_info=\u00bb{}\u00bb custom_padding__hover=\u00bb|||\u00bb theme_builder_area=\u00bbet_body_layout\u00bb][et_pb_text _builder_version=\u00bb4.27.4&#8243; background_size=\u00bbinitial\u00bb background_position=\u00bbtop_left\u00bb background_repeat=\u00bbrepeat\u00bb custom_margin=\u00bb17px||||false|false\u00bb hover_enabled=\u00bb0&#8243; global_colors_info=\u00bb{}\u00bb theme_builder_area=\u00bbet_body_layout\u00bb sticky_enabled=\u00bb0&#8243;]<\/p>\n<p style=\"text-align: justify;\"><span style=\"color: #005481;\"><strong><span style=\"font-family: 'Titillium Web'; font-size: large;\">Pilar Moreno, cofundadora de <a href=\"https:\/\/guska.bio\/\">Guska<\/a>, gan\u00f3 el Premio Ada Byron a la Mujer Tecn\u00f3loga en Uruguay, que organiza la Universidad Cat\u00f3lica del Uruguay.<\/span><\/strong><\/span><\/p>\n<p><\/p>\n<p style=\"text-align: justify;\">La ministra de Industria, Fernanda Cardona, entreg\u00f3 el premio, en el que participaron m\u00e1s de 80 candidatas.<\/p>\n<p><\/p>\n<p>El jurado indic\u00f3 que Moreno es \u201cuna referente que combina rigor acad\u00e9mico, impacto social y visi\u00f3n de futuro\u201d. \u201cInspira a nuevas generaciones de mujeres a elegir la ciencia y la tecnolog\u00eda como camino de vida\u201d, indica el acta.<\/p>\n<p>[\/et_pb_text][et_pb_image src=\u00bbhttps:\/\/labplus.uy\/wp-content\/uploads\/2025\/10\/Pilar-Moreno-Ada-Byron-1.jpg\u00bb title_text=\u00bbPilar Moreno Ada Byron.\u00bb _builder_version=\u00bb4.27.4&#8243; _module_preset=\u00bbdefault\u00bb hover_enabled=\u00bb0&#8243; global_colors_info=\u00bb{}\u00bb theme_builder_area=\u00bbet_body_layout\u00bb sticky_enabled=\u00bb0&#8243;][\/et_pb_image][et_pb_text _builder_version=\u00bb4.27.4&#8243; background_size=\u00bbinitial\u00bb background_position=\u00bbtop_left\u00bb background_repeat=\u00bbrepeat\u00bb custom_margin=\u00bb17px||||false|false\u00bb hover_enabled=\u00bb0&#8243; global_colors_info=\u00bb{}\u00bb theme_builder_area=\u00bbet_body_layout\u00bb sticky_enabled=\u00bb0&#8243;]<\/p>\n<p>\u00abDurante la pandemia de COVID-19 (Moreno) particip\u00f3 en el desarrollo de acciones clave para la respuesta sanitaria en Uruguay: lider\u00f3 junto a su equipo el desarrollo del test diagn\u00f3stico uruguayo y la creaci\u00f3n de una red p\u00fablica de laboratorios. Actualmente impulsa l\u00edneas de investigaci\u00f3n en vacunas de ARNm y virus oncol\u00edticos, en busca de terapias innovadoras contra el c\u00e1ncer\u00bb, resalta el texto.<\/p>\n<p><\/p>\n<p>Tambi\u00e9n se\u00f1ala que la creaci\u00f3n de Guska \u00abrefleja su convicci\u00f3n de que la investigaci\u00f3n b\u00e1sica puede transformarse en soluciones concretas para la sociedad\u00bb.<\/p>\n<p>[\/et_pb_text][et_pb_image src=\u00bbhttps:\/\/labplus.uy\/wp-content\/uploads\/2025\/10\/Pilar-Moreno-Ada-Byron.jpg\u00bb _builder_version=\u00bb4.27.4&#8243; _module_preset=\u00bbdefault\u00bb theme_builder_area=\u00bbet_body_layout\u00bb title_text=\u00bbPilar Moreno Ada Byron..\u00bb hover_enabled=\u00bb0&#8243; sticky_enabled=\u00bb0&#8243;][\/et_pb_image][et_pb_text _builder_version=\u00bb4.27.4&#8243; background_size=\u00bbinitial\u00bb background_position=\u00bbtop_left\u00bb background_repeat=\u00bbrepeat\u00bb custom_margin=\u00bb17px||||false|false\u00bb hover_enabled=\u00bb0&#8243; global_colors_info=\u00bb{}\u00bb theme_builder_area=\u00bbet_body_layout\u00bb sticky_enabled=\u00bb0&#8243;]<\/p>\n<p data-start=\"0\" data-end=\"369\">Adem\u00e1s de formar parte de Guska, Moreno es investigadora del Institut Pasteur de Montevideo y la Facultad de Ciencias (Udelar).<\/p>\n<p>[\/et_pb_text][\/et_pb_column][\/et_pb_row][\/et_pb_section]<\/p>\n","protected":false},"excerpt":{"rendered":"<p>Pilar Moreno, cofundadora de Guska, gan\u00f3 el Premio Ada Byron a la Mujer Tecn\u00f3loga en Uruguay, que organiza la Universidad Cat\u00f3lica del Uruguay.La ministra de Industria, Fernanda Cardona, entreg\u00f3 el premio, en el que participaron m\u00e1s de 80 candidatas.El jurado indic\u00f3 que Moreno es \u201cuna referente que combina rigor acad\u00e9mico, impacto social y visi\u00f3n de [&hellip;]<\/p>\n","protected":false},"author":4,"featured_media":24849195,"comment_status":"closed","ping_status":"open","sticky":false,"template":"","format":"standard","meta":{"_acf_changed":false,"_et_pb_use_builder":"on","_et_pb_old_content":"","_et_gb_content_width":"","_monsterinsights_skip_tracking":false,"_monsterinsights_sitenote_active":false,"_monsterinsights_sitenote_note":"","_monsterinsights_sitenote_category":0,"footnotes":""},"categories":[36],"tags":[],"class_list":["post-24849200","post","type-post","status-publish","format-standard","has-post-thumbnail","hentry","category-noticias"],"acf":[],"_links":{"self":[{"href":"https:\/\/labplus.uy\/es\/wp-json\/wp\/v2\/posts\/24849200","targetHints":{"allow":["GET"]}}],"collection":[{"href":"https:\/\/labplus.uy\/es\/wp-json\/wp\/v2\/posts"}],"about":[{"href":"https:\/\/labplus.uy\/es\/wp-json\/wp\/v2\/types\/post"}],"author":[{"embeddable":true,"href":"https:\/\/labplus.uy\/es\/wp-json\/wp\/v2\/users\/4"}],"replies":[{"embeddable":true,"href":"https:\/\/labplus.uy\/es\/wp-json\/wp\/v2\/comments?post=24849200"}],"version-history":[{"count":2,"href":"https:\/\/labplus.uy\/es\/wp-json\/wp\/v2\/posts\/24849200\/revisions"}],"predecessor-version":[{"id":24849202,"href":"https:\/\/labplus.uy\/es\/wp-json\/wp\/v2\/posts\/24849200\/revisions\/24849202"}],"wp:featuredmedia":[{"embeddable":true,"href":"https:\/\/labplus.uy\/es\/wp-json\/wp\/v2\/media\/24849195"}],"wp:attachment":[{"href":"https:\/\/labplus.uy\/es\/wp-json\/wp\/v2\/media?parent=24849200"}],"wp:term":[{"taxonomy":"category","embeddable":true,"href":"https:\/\/labplus.uy\/es\/wp-json\/wp\/v2\/categories?post=24849200"},{"taxonomy":"post_tag","embeddable":true,"href":"https:\/\/labplus.uy\/es\/wp-json\/wp\/v2\/tags?post=24849200"}],"curies":[{"name":"wp","href":"https:\/\/api.w.org\/{rel}","templated":true}]}}